{"id":45040,"date":"2019-11-01T04:26:22","date_gmt":"2019-11-01T11:26:22","guid":{"rendered":"https:\/\/sanela.info\/wp\/bola\/08\/?p=45040"},"modified":"2026-03-08T04:29:15","modified_gmt":"2026-03-08T11:29:15","slug":"bakir-izetbegovic-bih-nece-u-nato-ako-to-nece-srbi-i-srpska","status":"publish","type":"post","link":"https:\/\/sanela.info\/wp\/bola\/08\/45040\/bakir-izetbegovic-bih-nece-u-nato-ako-to-nece-srbi-i-srpska","title":{"rendered":"Bakir Izetbegovi\u0107: BiH ne\u0107e u NATO, ako to ne\u0107e Srbi i Srpska"},"content":{"rendered":"<h3>IZETBEGOVI\u0106 PORU\u010cIO: BiH ne\u0107e u NATO, ako to ne\u0107e Srbi i Srpska<\/h3>\n<p><strong>\u2022 Predsjednik bo\u0161nja\u010dke Stranke demokratske akcije (SDA) Bakir Izetbegovi\u0107 izjavio je da BiH ne\u0107e u\u0107i u NATO, ako to ne \u017eele Srbi i Republika Srpska<\/strong><\/p>\n<p><span class=\"nfo\">\u2022 01 nov 2019 rtcg-me, I. P. B92<\/span><\/p>\n<p>Predsjednik bo\u0161nja\u010dke Stranke demokratske akcije (SDA) Bakir Izetbegovi\u0107 izjavio je da BiH ne\u0107e u\u0107i u NATO, ako to ne \u017eele Srbi i Republika Srpska. \"Godi\u0161nji nacionalni program za NATO mora biti poslat u Brisel\": Izetbegovi\u0107 (Foto: Anadolija)<\/p>\n<blockquote><p>U ovoj zemlji niko nikom vi\u0161e ni\u0161ta ne\u0107e nametati. Kada su u pitanju Srbi i Republika Srpska, ako ne\u0107e u NATO - ne\u0107e se i\u0107i u NATO - rekao je Izetbegovi\u0107 za RTRS.<\/p><\/blockquote>\n<p>Me\u0111tim, on nagla\u0161ava da Godi\u0161nji nacionalni program za NATO mora biti poslat u Brisel jer to predstavlja sprovo\u0111enje ranije usvojenih odluka.<\/p>\n<blockquote><p>Ranije usvojeni zakoni i odluke moraju biti ispo\u0161tovani i to sam s liderom HDZ-a Draganom \u010covicem i liderom SNSD-a Miloradom Dodikom potpisao 5. avgusta. \u0160to se nas ti\u010de, to mo\u017ee biti minimalni aspekt, redukovani ANP u kojem akcenat mo\u017ee biti potpuno stavljen na civilni dio, a mo\u017eemo koordinisati tempo sa Srbijom i, na kraju krajeva, prihvatiti ono \u0161to je krucijalno va\u017eno za Srbe - da nema \u010dlanstva u NATO bez novog konsenzusa i dogovora, ali se zakoni ove zemlje moraju po\u0161tovati - istakao je Izetbegovi\u0107.<\/p><\/blockquote>\n<p>Lider SDA tvrdi da ANP nije uslov za formiranje Savjeta ministara, jer on predstavlja, kako je rekao, vladavinu zakona i po\u0161tovanje ustavno-pravnog sistema u BiH.<\/p>\n<p>Izetbegovi\u0107 tvrdi da SNSD blokira formiranje vlasti, jer ne prihvata ne\u0161to \u0161to je ranije usagla\u0161eno i time ne po\u0161tuje strate\u0161ki interes i ustavno-pravni konstrukt BiH. Navodi da SDA insistira na kompromisu, koji je, prema njegovim rije\u010dima, blizu.<\/p>\n<blockquote><p>Moramo prihvatiti ANP koji zna\u010di po\u0161tovanje ranijih zakona, a pitanje je do koje mjere \u0107e biti redukovan. Takodje, moramo prihvatiti da nema \u010dlanstva u NATO-u bez novog dogovora. To je sasvim dovoljno da izadjemo iz ove situacije, pa \u0107emo se dogovarati dalje. Ja ne znam \u0161ta \u0107e biti za 10 godina - istakao je Izetbegovi\u0107.<\/p><\/blockquote>\n<p>Objavljeno: <a class=\"external\" title=\"external\" href=\"https:\/\/rtcg.me\/vijesti\/region\/257623\/bih-nece-u-nato-ako-to-nece-srbi-i-srpska.html\" target=\"_blank\" rel=\"noopener\">01 nov 2019 rtcg-me, I. P. B92<\/a><\/p>\n<div  class=\"sn-data-post\"  data-id=\"45040\"  data-date=\"nov 1, 2019\"  data-title=\"Bakir Izetbegovi\u0107: BiH ne\u0107e u NATO, ako to ne\u0107e Srbi i Srpska\"  data-href=\"https:\/\/sanela.info\/wp\/bola\/08\/45040\/bakir-izetbegovic-bih-nece-u-nato-ako-to-nece-srbi-i-srpska\"  data-categories=\"Bosna\"><\/div>\n","protected":false},"excerpt":{"rendered":"<p>IZETBEGOVI\u0106 PORU\u010cIO: BiH ne\u0107e u NATO, ako to ne\u0107e Srbi i Srpska \u2022 Predsjednik bo\u0161nja\u010dke Stranke demokratske akcije (SDA) Bakir Izetbegovi\u0107 izjavio je da BiH ne\u0107e u\u0107i u NATO, ako to ne \u017eele Srbi i Republika Srpska \u2022 01 nov 2019 rtcg-me, I. P. B92 Predsjednik bo\u0161nja\u010dke Stranke demokratske akcije (SDA) Bakir Izetbegovi\u0107 izjavio je [&hellip;]<\/p>\n","protected":false},"author":2,"featured_media":45041,"comment_status":"closed","ping_status":"closed","sticky":false,"template":"","format":"standard","meta":{"footnotes":""},"categories":[12],"tags":[],"class_list":["post-45040","post","type-post","status-publish","format-standard","has-post-thumbnail","hentry","category-biha"],"_links":{"self":[{"href":"https:\/\/sanela.info\/wp\/bola\/08\/wp-json\/wp\/v2\/posts\/45040","targetHints":{"allow":["GET"]}}],"collection":[{"href":"https:\/\/sanela.info\/wp\/bola\/08\/wp-json\/wp\/v2\/posts"}],"about":[{"href":"https:\/\/sanela.info\/wp\/bola\/08\/wp-json\/wp\/v2\/types\/post"}],"author":[{"embeddable":true,"href":"https:\/\/sanela.info\/wp\/bola\/08\/wp-json\/wp\/v2\/users\/2"}],"replies":[{"embeddable":true,"href":"https:\/\/sanela.info\/wp\/bola\/08\/wp-json\/wp\/v2\/comments?post=45040"}],"version-history":[{"count":1,"href":"https:\/\/sanela.info\/wp\/bola\/08\/wp-json\/wp\/v2\/posts\/45040\/revisions"}],"predecessor-version":[{"id":45042,"href":"https:\/\/sanela.info\/wp\/bola\/08\/wp-json\/wp\/v2\/posts\/45040\/revisions\/45042"}],"wp:featuredmedia":[{"embeddable":true,"href":"https:\/\/sanela.info\/wp\/bola\/08\/wp-json\/wp\/v2\/media\/45041"}],"wp:attachment":[{"href":"https:\/\/sanela.info\/wp\/bola\/08\/wp-json\/wp\/v2\/media?parent=45040"}],"wp:term":[{"taxonomy":"category","embeddable":true,"href":"https:\/\/sanela.info\/wp\/bola\/08\/wp-json\/wp\/v2\/categories?post=45040"},{"taxonomy":"post_tag","embeddable":true,"href":"https:\/\/sanela.info\/wp\/bola\/08\/wp-json\/wp\/v2\/tags?post=45040"}],"curies":[{"name":"wp","href":"https:\/\/api.w.org\/{rel}","templated":true}]}}